{"id":11506,"date":"2025-01-28T09:00:46","date_gmt":"2025-01-28T08:00:46","guid":{"rendered":"https:\/\/www.euroceppi.com\/non-classifiee\/euroceppi-a-la-foire-ambiente-2025-de-francfort\/"},"modified":"2025-01-11T09:18:07","modified_gmt":"2025-01-11T08:18:07","slug":"euroceppi-a-la-foire-ambiente-2025-de-francfort","status":"publish","type":"post","link":"https:\/\/www.euroceppi.com\/fr\/blog-fr\/euroceppi-a-la-foire-ambiente-2025-de-francfort\/","title":{"rendered":"Euroceppi \u00e0 la Foire Ambiente 2025 de Francfort"},"content":{"rendered":"<p class=\"p1\">Euroceppi est ravi d\u2019annoncer sa participation \u00e0 la prestigieuse <a href=\"https:\/\/ambiente.messefrankfurt.com\/frankfurt\/en.html\"><b>Foire Ambiente 2025<\/b><\/a> de Francfort, qui se tiendra du <b>7 au 11 f\u00e9vrier 2025<\/b>. Cet \u00e9v\u00e9nement repr\u00e9sente une occasion unique pour pr\u00e9senter nos solutions d\u2019excellence et renforcer nos liens avec des partenaires de longue date, tout en rencontrant de nouveaux professionnels attir\u00e9s par la qualit\u00e9 et le design Made in Italy.<\/p>\n<h1><img fetchpriority=\"high\" decoding=\"async\" class=\"alignnone wp-image-11501 size-large\" src=\"https:\/\/www.euroceppi.com\/wp-content\/uploads\/2025\/01\/FIERA-AMBIENTE-2025-Euroceppi-1024x576.jpg\" alt=\"\" width=\"1024\" height=\"576\" srcset=\"https:\/\/www.euroceppi.com\/wp-content\/uploads\/2025\/01\/FIERA-AMBIENTE-2025-Euroceppi-1024x576.jpg 1024w, https:\/\/www.euroceppi.com\/wp-content\/uploads\/2025\/01\/FIERA-AMBIENTE-2025-Euroceppi-300x169.jpg 300w, https:\/\/www.euroceppi.com\/wp-content\/uploads\/2025\/01\/FIERA-AMBIENTE-2025-Euroceppi-768x432.jpg 768w, https:\/\/www.euroceppi.com\/wp-content\/uploads\/2025\/01\/FIERA-AMBIENTE-2025-Euroceppi-600x337.jpg 600w, https:\/\/www.euroceppi.com\/wp-content\/uploads\/2025\/01\/FIERA-AMBIENTE-2025-Euroceppi.jpg 1350w\" sizes=\"(max-width: 1024px) 100vw, 1024px\" \/><\/h1>\n<h1 class=\"p3\">La Foire Ambiente: Une Histoire de Succ\u00e8s International<\/h1>\n<p class=\"p1\">Avec une tradition remontant \u00e0 <b>1870<\/b>, la Foire Ambiente est devenue une r\u00e9f\u00e9rence mondiale dans les domaines de la maison, de la cuisine, du design et des accessoires. Organis\u00e9e au parc des expositions Messe Frankfurt, cette manifestation attire chaque ann\u00e9e plus de <b>130<\/b>.<b>000<\/b> <b>visiteurs<\/b> de plus de 160 pays, ainsi que des milliers d\u2019exposants de renomm\u00e9e internationale.<\/p>\n<p class=\"p1\">La foire s\u2019articule autour de trois secteurs principaux :<\/p>\n<ol class=\"ol1\">\n<li class=\"li1\"><b>Dining<\/b>, d\u00e9di\u00e9 \u00e0 l\u2019univers de la table et de la cuisine,<\/li>\n<li class=\"li1\"><b>Living<\/b>, ax\u00e9 sur le mobilier et le design d\u2019int\u00e9rieur,<\/li>\n<li class=\"li1\"><b>Giving<\/b>, consacr\u00e9 aux cadeaux et aux accessoires.<\/li>\n<\/ol>\n<p class=\"p1\">Euroceppi se d\u00e9marque dans la section <b>Dining<\/b>, mettant \u00e0 l\u2019honneur l\u2019excellence artisanale italienne au c\u0153ur d\u2019un \u00e9v\u00e9nement qui c\u00e9l\u00e8bre \u00e0 la fois l\u2019innovation et la tradition.<\/p>\n<p class=\"p1\"><img decoding=\"async\" class=\"alignnone wp-image-11497 size-full\" src=\"https:\/\/www.euroceppi.com\/wp-content\/uploads\/2025\/01\/FIERA-AMBIENTE-2025-Euroceppi-1.jpg\" alt=\"\" width=\"937\" height=\"703\" srcset=\"https:\/\/www.euroceppi.com\/wp-content\/uploads\/2025\/01\/FIERA-AMBIENTE-2025-Euroceppi-1.jpg 937w, https:\/\/www.euroceppi.com\/wp-content\/uploads\/2025\/01\/FIERA-AMBIENTE-2025-Euroceppi-1-300x225.jpg 300w, https:\/\/www.euroceppi.com\/wp-content\/uploads\/2025\/01\/FIERA-AMBIENTE-2025-Euroceppi-1-768x576.jpg 768w, https:\/\/www.euroceppi.com\/wp-content\/uploads\/2025\/01\/FIERA-AMBIENTE-2025-Euroceppi-1-600x450.jpg 600w\" sizes=\"(max-width: 937px) 100vw, 937px\" \/><\/p>\n<h1 class=\"p3\">Euroceppi: Tradition et Innovation au Service des Professionnels<\/h1>\n<p class=\"p1\">Depuis plus d\u2019un si\u00e8cle, Euroceppi repr\u00e9sente l\u2019art du travail du bois et des mat\u00e9riaux de qualit\u00e9. \u00c0 la Foire Ambiente 2025, nous pr\u00e9senterons notre philosophie de production, fond\u00e9e sur un \u00e9quilibre parfait entre <b>tradition artisanale et technologie de pointe<\/b>. Chaque produit est con\u00e7u pour r\u00e9pondre aux besoins des professionnels de la restauration et des passionn\u00e9s de design, alliant robustesse, fonctionnalit\u00e9 et style.<\/p>\n<h1 class=\"p3\">Une Invitation Sp\u00e9ciale<\/h1>\n<p class=\"p1\">Nous vous attendons du <span class=\"s1\"><b>7 au 11 f\u00e9vrier 2025<\/b><\/span> sur notre stand: <span class=\"s1\"><b>HALLE 8.0 E19<\/b><b><\/b><\/span><\/p>\n<p class=\"p1\">Ce sera un plaisir de vous accueillir, de partager nos nouveaut\u00e9s et de d\u00e9montrer comment la qualit\u00e9 Made in Italy reste une valeur intemporelle.<\/p>\n<p class=\"p1\"><b>Une occasion unique de retrouver de vieux amis et de rencontrer de nouveaux partenaires, dans un cadre qui c\u00e9l\u00e8bre l\u2019innovation et la cr\u00e9ativit\u00e9. Ne manquez pas ce rendez-vous !<\/b><b><\/b><\/p>\n<p class=\"p1\"><img decoding=\"async\" class=\"alignnone wp-image-11493 size-full\" src=\"https:\/\/www.euroceppi.com\/wp-content\/uploads\/2025\/01\/FIERA-AMBIENTE-2025-Euroceppi-2.jpg\" alt=\"\" width=\"916\" height=\"639\" srcset=\"https:\/\/www.euroceppi.com\/wp-content\/uploads\/2025\/01\/FIERA-AMBIENTE-2025-Euroceppi-2.jpg 916w, https:\/\/www.euroceppi.com\/wp-content\/uploads\/2025\/01\/FIERA-AMBIENTE-2025-Euroceppi-2-300x209.jpg 300w, https:\/\/www.euroceppi.com\/wp-content\/uploads\/2025\/01\/FIERA-AMBIENTE-2025-Euroceppi-2-768x536.jpg 768w, https:\/\/www.euroceppi.com\/wp-content\/uploads\/2025\/01\/FIERA-AMBIENTE-2025-Euroceppi-2-600x419.jpg 600w\" sizes=\"(max-width: 916px) 100vw, 916px\" \/><\/p>\n","protected":false},"excerpt":{"rendered":"<p>Euroceppi est ravi d\u2019annoncer sa participation \u00e0 la prestigieuse Foire Ambiente 2025 de Francfort, qui se tiendra du 7 au 11 f\u00e9vrier 2025. Cet \u00e9v\u00e9nement repr\u00e9sente une occasion unique pour pr\u00e9senter nos solutions d\u2019excellence et renforcer nos liens avec des partenaires de longue date, tout en rencontrant de nouveaux professionnels attir\u00e9s par la qualit\u00e9 et [&hellip;]<\/p>\n","protected":false},"author":3,"featured_media":11501,"comment_status":"closed","ping_status":"closed","sticky":false,"template":"","format":"standard","meta":{"ocean_post_layout":"","ocean_both_sidebars_style":"","ocean_both_sidebars_content_width":0,"ocean_both_sidebars_sidebars_width":0,"ocean_sidebar":"0","ocean_second_sidebar":"0","ocean_disable_margins":"enable","ocean_add_body_class":"","ocean_shortcode_before_top_bar":"","ocean_shortcode_after_top_bar":"","ocean_shortcode_before_header":"","ocean_shortcode_after_header":"","ocean_has_shortcode":"","ocean_shortcode_after_title":"","ocean_shortcode_before_footer_widgets":"","ocean_shortcode_after_footer_widgets":"","ocean_shortcode_before_footer_bottom":"","ocean_shortcode_after_footer_bottom":"","ocean_display_top_bar":"default","ocean_display_header":"default","ocean_header_style":"","ocean_center_header_left_menu":"0","ocean_custom_header_template":"0","ocean_custom_logo":0,"ocean_custom_retina_logo":0,"ocean_custom_logo_max_width":0,"ocean_custom_logo_tablet_max_width":0,"ocean_custom_logo_mobile_max_width":0,"ocean_custom_logo_max_height":0,"ocean_custom_logo_tablet_max_height":0,"ocean_custom_logo_mobile_max_height":0,"ocean_header_custom_menu":"0","ocean_menu_typo_font_family":"0","ocean_menu_typo_font_subset":"","ocean_menu_typo_font_size":0,"ocean_menu_typo_font_size_tablet":0,"ocean_menu_typo_font_size_mobile":0,"ocean_menu_typo_font_size_unit":"px","ocean_menu_typo_font_weight":"","ocean_menu_typo_font_weight_tablet":"","ocean_menu_typo_font_weight_mobile":"","ocean_menu_typo_transform":"","ocean_menu_typo_transform_tablet":"","ocean_menu_typo_transform_mobile":"","ocean_menu_typo_line_height":0,"ocean_menu_typo_line_height_tablet":0,"ocean_menu_typo_line_height_mobile":0,"ocean_menu_typo_line_height_unit":"","ocean_menu_typo_spacing":0,"ocean_menu_typo_spacing_tablet":0,"ocean_menu_typo_spacing_mobile":0,"ocean_menu_typo_spacing_unit":"","ocean_menu_link_color":"","ocean_menu_link_color_hover":"","ocean_menu_link_color_active":"","ocean_menu_link_background":"","ocean_menu_link_hover_background":"","ocean_menu_link_active_background":"","ocean_menu_social_links_bg":"","ocean_menu_social_hover_links_bg":"","ocean_menu_social_links_color":"","ocean_menu_social_hover_links_color":"","ocean_disable_title":"default","ocean_disable_heading":"default","ocean_post_title":"","ocean_post_subheading":"","ocean_post_title_style":"","ocean_post_title_background_color":"","ocean_post_title_background":0,"ocean_post_title_bg_image_position":"","ocean_post_title_bg_image_attachment":"","ocean_post_title_bg_image_repeat":"","ocean_post_title_bg_image_size":"","ocean_post_title_height":0,"ocean_post_title_bg_overlay":0.5,"ocean_post_title_bg_overlay_color":"","ocean_disable_breadcrumbs":"default","ocean_breadcrumbs_color":"","ocean_breadcrumbs_separator_color":"","ocean_breadcrumbs_links_color":"","ocean_breadcrumbs_links_hover_color":"","ocean_display_footer_widgets":"default","ocean_display_footer_bottom":"default","ocean_custom_footer_template":"0","ofc_enable_fullscreen":"disable","ofc_fullscreen_speed":0,"ofc_fullscreen_nav":"enable","ofc_fullscreen_nav_pos":"right","ofc_fullscreen_nav_color":"","ofc_fullscreen_nav_tooltip_color":"","ofc_fullscreen_responsive":0,"ocean_post_oembed":"","ocean_post_self_hosted_media":"","ocean_post_video_embed":"","ocean_link_format":"","ocean_link_format_target":"self","ocean_quote_format":"","ocean_quote_format_link":"post","ocean_gallery_link_images":"on","ocean_gallery_id":[],"footnotes":""},"categories":[179],"tags":[],"class_list":["post-11506","post","type-post","status-publish","format-standard","has-post-thumbnail","hentry","category-blog-fr","entry","has-media","owp-thumbs-layout-horizontal","owp-btn-normal","owp-tabs-layout-horizontal","has-no-thumbnails","has-product-nav"],"_links":{"self":[{"href":"https:\/\/www.euroceppi.com\/fr\/wp-json\/wp\/v2\/posts\/11506","targetHints":{"allow":["GET"]}}],"collection":[{"href":"https:\/\/www.euroceppi.com\/fr\/wp-json\/wp\/v2\/posts"}],"about":[{"href":"https:\/\/www.euroceppi.com\/fr\/wp-json\/wp\/v2\/types\/post"}],"author":[{"embeddable":true,"href":"https:\/\/www.euroceppi.com\/fr\/wp-json\/wp\/v2\/users\/3"}],"replies":[{"embeddable":true,"href":"https:\/\/www.euroceppi.com\/fr\/wp-json\/wp\/v2\/comments?post=11506"}],"version-history":[{"count":1,"href":"https:\/\/www.euroceppi.com\/fr\/wp-json\/wp\/v2\/posts\/11506\/revisions"}],"predecessor-version":[{"id":11507,"href":"https:\/\/www.euroceppi.com\/fr\/wp-json\/wp\/v2\/posts\/11506\/revisions\/11507"}],"wp:featuredmedia":[{"embeddable":true,"href":"https:\/\/www.euroceppi.com\/fr\/wp-json\/wp\/v2\/media\/11501"}],"wp:attachment":[{"href":"https:\/\/www.euroceppi.com\/fr\/wp-json\/wp\/v2\/media?parent=11506"}],"wp:term":[{"taxonomy":"category","embeddable":true,"href":"https:\/\/www.euroceppi.com\/fr\/wp-json\/wp\/v2\/categories?post=11506"},{"taxonomy":"post_tag","embeddable":true,"href":"https:\/\/www.euroceppi.com\/fr\/wp-json\/wp\/v2\/tags?post=11506"}],"curies":[{"name":"wp","href":"https:\/\/api.w.org\/{rel}","templated":true}]}}