{"id":11508,"date":"2025-01-28T09:00:40","date_gmt":"2025-01-28T08:00:40","guid":{"rendered":"https:\/\/www.euroceppi.com\/non-categorizzato\/euroceppi-en-la-feria-ambiente-2025-de-francfort\/"},"modified":"2025-01-11T09:19:59","modified_gmt":"2025-01-11T08:19:59","slug":"euroceppi-en-la-feria-ambiente-2025-de-francfort","status":"publish","type":"post","link":"https:\/\/www.euroceppi.com\/es\/blog-es\/euroceppi-en-la-feria-ambiente-2025-de-francfort\/","title":{"rendered":"Euroceppi en la Feria Ambiente 2025 de Fr\u00e1ncfort"},"content":{"rendered":"<p class=\"p1\">Euroceppi se complace en anunciar su participaci\u00f3n en la prestigiosa <a href=\"https:\/\/ambiente.messefrankfurt.com\/frankfurt\/en.html\"><b>Feria Ambiente 2025<\/b><\/a> de Fr\u00e1ncfort, que tendr\u00e1 lugar del <b>7 al 11 de febrero de 2025<\/b>. Este evento es una oportunidad \u00fanica para presentar nuestras soluciones de excelencia, fortalecer los lazos con socios consolidados y conectar con nuevos profesionales interesados en la calidad y el dise\u00f1o Made in Italy.<\/p>\n<h1><img fetchpriority=\"high\" decoding=\"async\" class=\"alignnone wp-image-11502 size-large\" src=\"https:\/\/www.euroceppi.com\/wp-content\/uploads\/2025\/01\/FIERA-AMBIENTE-2025-Euroceppi-1024x576.jpg\" alt=\"\" width=\"1024\" height=\"576\" srcset=\"https:\/\/www.euroceppi.com\/wp-content\/uploads\/2025\/01\/FIERA-AMBIENTE-2025-Euroceppi-1024x576.jpg 1024w, https:\/\/www.euroceppi.com\/wp-content\/uploads\/2025\/01\/FIERA-AMBIENTE-2025-Euroceppi-300x169.jpg 300w, https:\/\/www.euroceppi.com\/wp-content\/uploads\/2025\/01\/FIERA-AMBIENTE-2025-Euroceppi-768x432.jpg 768w, https:\/\/www.euroceppi.com\/wp-content\/uploads\/2025\/01\/FIERA-AMBIENTE-2025-Euroceppi-600x337.jpg 600w, https:\/\/www.euroceppi.com\/wp-content\/uploads\/2025\/01\/FIERA-AMBIENTE-2025-Euroceppi.jpg 1350w\" sizes=\"(max-width: 1024px) 100vw, 1024px\" \/><\/h1>\n<h1 class=\"p3\">La Feria Ambiente: Una Historia de \u00c9xito Internacional<\/h1>\n<p class=\"p1\">Con una tradici\u00f3n que se remonta a <b>1870<\/b>, la Feria Ambiente se ha convertido en un referente mundial en los sectores del hogar, la cocina, el dise\u00f1o y los accesorios. Celebrada en el centro de exposiciones Messe Frankfurt, esta feria atrae anualmente a m\u00e1s de <b>130,000<\/b> <b>visitantes<\/b> de m\u00e1s de 160 pa\u00edses, junto con miles de expositores de renombre internacional..<\/p>\n<p class=\"p1\">La feria se organiza en tres \u00e1reas principales:<\/p>\n<ol class=\"ol1\">\n<li class=\"li1\"><b>Dining<\/b>, dedicada al mundo de la mesa y la cocina,<\/li>\n<li class=\"li1\"><b>Living<\/b>, centrada en el mobiliario y el dise\u00f1o de interiores,<\/li>\n<li class=\"li1\"><b>Giving<\/b>, enfocada en art\u00edculos de regalo y accesorios.<\/li>\n<\/ol>\n<p class=\"p1\">Euroceppi se destaca en la secci\u00f3n <b>Dining<\/b>, llevando la excelencia artesanal italiana al centro de un evento que celebra tanto la innovaci\u00f3n como la tradici\u00f3n.<\/p>\n<h1><img decoding=\"async\" class=\"alignnone wp-image-11498 size-full\" src=\"https:\/\/www.euroceppi.com\/wp-content\/uploads\/2025\/01\/FIERA-AMBIENTE-2025-Euroceppi-1.jpg\" alt=\"\" width=\"937\" height=\"703\" srcset=\"https:\/\/www.euroceppi.com\/wp-content\/uploads\/2025\/01\/FIERA-AMBIENTE-2025-Euroceppi-1.jpg 937w, https:\/\/www.euroceppi.com\/wp-content\/uploads\/2025\/01\/FIERA-AMBIENTE-2025-Euroceppi-1-300x225.jpg 300w, https:\/\/www.euroceppi.com\/wp-content\/uploads\/2025\/01\/FIERA-AMBIENTE-2025-Euroceppi-1-768x576.jpg 768w, https:\/\/www.euroceppi.com\/wp-content\/uploads\/2025\/01\/FIERA-AMBIENTE-2025-Euroceppi-1-600x450.jpg 600w\" sizes=\"(max-width: 937px) 100vw, 937px\" \/><\/h1>\n<h1 class=\"p3\">Euroceppi: Tradici\u00f3n e Innovaci\u00f3n al Servicio de los Profesionales<\/h1>\n<p class=\"p1\">Desde hace m\u00e1s de un siglo, Euroceppi representa el arte del trabajo de la madera y materiales de alta calidad. En la Feria Ambiente 2025, presentaremos nuestra filosof\u00eda de producci\u00f3n, basada en un equilibrio perfecto entre la <b>tradici\u00f3n artesanal y la tecnolog\u00eda de vanguardia<\/b>. Cada producto est\u00e1 dise\u00f1ado para satisfacer las necesidades de los profesionales de la restauraci\u00f3n y los apasionados del dise\u00f1o, garantizando resistencia, funcionalidad y estilo.<\/p>\n<h1 class=\"p3\">Una Invitaci\u00f3n Especial<\/h1>\n<p class=\"p1\">Te esperamos del <span class=\"s1\"><b>7 al 11 de febrero de 2025<\/b><\/span> en nuestro stand: <span class=\"s1\"><b>HALLE 8.0 E19<\/b><b><\/b><\/span><\/p>\n<p class=\"p1\">Ser\u00e1 un placer recibirte, compartir nuestras novedades y demostrar c\u00f3mo la calidad Made in Italy es un valor que perdura en el tiempo.<\/p>\n<p class=\"p1\"><b>Una ocasi\u00f3n \u00fanica para reencontrarnos con viejos amigos y conocer nuevos socios en un entorno que celebra la innovaci\u00f3n y la creatividad. \u00a1No te lo pierdas!<\/b><b><\/b><\/p>\n<p class=\"p1\"><img decoding=\"async\" class=\"alignnone wp-image-11494 size-full\" src=\"https:\/\/www.euroceppi.com\/wp-content\/uploads\/2025\/01\/FIERA-AMBIENTE-2025-Euroceppi-2.jpg\" alt=\"\" width=\"916\" height=\"639\" srcset=\"https:\/\/www.euroceppi.com\/wp-content\/uploads\/2025\/01\/FIERA-AMBIENTE-2025-Euroceppi-2.jpg 916w, https:\/\/www.euroceppi.com\/wp-content\/uploads\/2025\/01\/FIERA-AMBIENTE-2025-Euroceppi-2-300x209.jpg 300w, https:\/\/www.euroceppi.com\/wp-content\/uploads\/2025\/01\/FIERA-AMBIENTE-2025-Euroceppi-2-768x536.jpg 768w, https:\/\/www.euroceppi.com\/wp-content\/uploads\/2025\/01\/FIERA-AMBIENTE-2025-Euroceppi-2-600x419.jpg 600w\" sizes=\"(max-width: 916px) 100vw, 916px\" \/><\/p>\n","protected":false},"excerpt":{"rendered":"<p>Euroceppi se complace en anunciar su participaci\u00f3n en la prestigiosa Feria Ambiente 2025 de Fr\u00e1ncfort, que tendr\u00e1 lugar del 7 al 11 de febrero de 2025. Este evento es una oportunidad \u00fanica para presentar nuestras soluciones de excelencia, fortalecer los lazos con socios consolidados y conectar con nuevos profesionales interesados en la calidad y el [&hellip;]<\/p>\n","protected":false},"author":3,"featured_media":11502,"comment_status":"closed","ping_status":"closed","sticky":false,"template":"","format":"standard","meta":{"ocean_post_layout":"","ocean_both_sidebars_style":"","ocean_both_sidebars_content_width":0,"ocean_both_sidebars_sidebars_width":0,"ocean_sidebar":"0","ocean_second_sidebar":"0","ocean_disable_margins":"enable","ocean_add_body_class":"","ocean_shortcode_before_top_bar":"","ocean_shortcode_after_top_bar":"","ocean_shortcode_before_header":"","ocean_shortcode_after_header":"","ocean_has_shortcode":"","ocean_shortcode_after_title":"","ocean_shortcode_before_footer_widgets":"","ocean_shortcode_after_footer_widgets":"","ocean_shortcode_before_footer_bottom":"","ocean_shortcode_after_footer_bottom":"","ocean_display_top_bar":"default","ocean_display_header":"default","ocean_header_style":"","ocean_center_header_left_menu":"0","ocean_custom_header_template":"0","ocean_custom_logo":0,"ocean_custom_retina_logo":0,"ocean_custom_logo_max_width":0,"ocean_custom_logo_tablet_max_width":0,"ocean_custom_logo_mobile_max_width":0,"ocean_custom_logo_max_height":0,"ocean_custom_logo_tablet_max_height":0,"ocean_custom_logo_mobile_max_height":0,"ocean_header_custom_menu":"0","ocean_menu_typo_font_family":"0","ocean_menu_typo_font_subset":"","ocean_menu_typo_font_size":0,"ocean_menu_typo_font_size_tablet":0,"ocean_menu_typo_font_size_mobile":0,"ocean_menu_typo_font_size_unit":"px","ocean_menu_typo_font_weight":"","ocean_menu_typo_font_weight_tablet":"","ocean_menu_typo_font_weight_mobile":"","ocean_menu_typo_transform":"","ocean_menu_typo_transform_tablet":"","ocean_menu_typo_transform_mobile":"","ocean_menu_typo_line_height":0,"ocean_menu_typo_line_height_tablet":0,"ocean_menu_typo_line_height_mobile":0,"ocean_menu_typo_line_height_unit":"","ocean_menu_typo_spacing":0,"ocean_menu_typo_spacing_tablet":0,"ocean_menu_typo_spacing_mobile":0,"ocean_menu_typo_spacing_unit":"","ocean_menu_link_color":"","ocean_menu_link_color_hover":"","ocean_menu_link_color_active":"","ocean_menu_link_background":"","ocean_menu_link_hover_background":"","ocean_menu_link_active_background":"","ocean_menu_social_links_bg":"","ocean_menu_social_hover_links_bg":"","ocean_menu_social_links_color":"","ocean_menu_social_hover_links_color":"","ocean_disable_title":"default","ocean_disable_heading":"default","ocean_post_title":"","ocean_post_subheading":"","ocean_post_title_style":"","ocean_post_title_background_color":"","ocean_post_title_background":0,"ocean_post_title_bg_image_position":"","ocean_post_title_bg_image_attachment":"","ocean_post_title_bg_image_repeat":"","ocean_post_title_bg_image_size":"","ocean_post_title_height":0,"ocean_post_title_bg_overlay":0.5,"ocean_post_title_bg_overlay_color":"","ocean_disable_breadcrumbs":"default","ocean_breadcrumbs_color":"","ocean_breadcrumbs_separator_color":"","ocean_breadcrumbs_links_color":"","ocean_breadcrumbs_links_hover_color":"","ocean_display_footer_widgets":"default","ocean_display_footer_bottom":"default","ocean_custom_footer_template":"0","ofc_enable_fullscreen":"disable","ofc_fullscreen_speed":0,"ofc_fullscreen_nav":"enable","ofc_fullscreen_nav_pos":"right","ofc_fullscreen_nav_color":"","ofc_fullscreen_nav_tooltip_color":"","ofc_fullscreen_responsive":0,"ocean_post_oembed":"","ocean_post_self_hosted_media":"","ocean_post_video_embed":"","ocean_link_format":"","ocean_link_format_target":"self","ocean_quote_format":"","ocean_quote_format_link":"post","ocean_gallery_link_images":"on","ocean_gallery_id":[],"footnotes":""},"categories":[196],"tags":[],"class_list":["post-11508","post","type-post","status-publish","format-standard","has-post-thumbnail","hentry","category-blog-es","entry","has-media","owp-thumbs-layout-horizontal","owp-btn-normal","owp-tabs-layout-horizontal","has-no-thumbnails","has-product-nav"],"_links":{"self":[{"href":"https:\/\/www.euroceppi.com\/es\/wp-json\/wp\/v2\/posts\/11508","targetHints":{"allow":["GET"]}}],"collection":[{"href":"https:\/\/www.euroceppi.com\/es\/wp-json\/wp\/v2\/posts"}],"about":[{"href":"https:\/\/www.euroceppi.com\/es\/wp-json\/wp\/v2\/types\/post"}],"author":[{"embeddable":true,"href":"https:\/\/www.euroceppi.com\/es\/wp-json\/wp\/v2\/users\/3"}],"replies":[{"embeddable":true,"href":"https:\/\/www.euroceppi.com\/es\/wp-json\/wp\/v2\/comments?post=11508"}],"version-history":[{"count":1,"href":"https:\/\/www.euroceppi.com\/es\/wp-json\/wp\/v2\/posts\/11508\/revisions"}],"predecessor-version":[{"id":11509,"href":"https:\/\/www.euroceppi.com\/es\/wp-json\/wp\/v2\/posts\/11508\/revisions\/11509"}],"wp:featuredmedia":[{"embeddable":true,"href":"https:\/\/www.euroceppi.com\/es\/wp-json\/wp\/v2\/media\/11502"}],"wp:attachment":[{"href":"https:\/\/www.euroceppi.com\/es\/wp-json\/wp\/v2\/media?parent=11508"}],"wp:term":[{"taxonomy":"category","embeddable":true,"href":"https:\/\/www.euroceppi.com\/es\/wp-json\/wp\/v2\/categories?post=11508"},{"taxonomy":"post_tag","embeddable":true,"href":"https:\/\/www.euroceppi.com\/es\/wp-json\/wp\/v2\/tags?post=11508"}],"curies":[{"name":"wp","href":"https:\/\/api.w.org\/{rel}","templated":true}]}}